{"id":152,"date":"2025-04-17T18:19:19","date_gmt":"2025-04-17T18:19:19","guid":{"rendered":"https:\/\/arnowesterholm.fi\/?p=152"},"modified":"2025-04-17T18:19:19","modified_gmt":"2025-04-17T18:19:19","slug":"epaluottamuslause-puoluejohdolle","status":"publish","type":"post","link":"https:\/\/arnowesterholm.fi\/index.php\/2025\/04\/17\/epaluottamuslause-puoluejohdolle\/","title":{"rendered":"Ep\u00e4luottamuslause puoluejohdolle!"},"content":{"rendered":"\n<p>Hyv\u00e4t lukijat!<\/p>\n\n\n\n<p>Ei olisi eilen 26.02. kannattanut lukea p\u00e4iv\u00e4n uutisia. Y\u00f6uneni pilaantuivat pitk\u00e4lti sen johdosta, ett\u00e4 tulin tietoiseksi puoluejohdon toimista koskien europarlamentaarikko Teuvo Hakkaraista. Puolueemme t\u00e4m\u00e4nhetkinen EU-parlamenttivaalilista on t\u00e4ysin ep\u00e4onnistunut. Siell\u00e4 olevat henkil\u00f6t eiv\u00e4t ole sopivia EU-parlamenttiin, koska eiv\u00e4t ole aikaan saaneet mit\u00e4\u00e4n kuluvan hallituskauden aikana. Lis\u00e4ksi monien listan henkil\u00f6iden todellinen motiivi on puolueen itse aikanaan kritisoimien \u201dhillotolppien\u201d saaminen.<\/p>\n\n\n\n<p>Teuvo Hakkarainen on mets\u00e4talouden kiistaton ammattilainen. Lis\u00e4ksi h\u00e4nell\u00e4 on jo kahden kauden kokemus kyseisest\u00e4 teht\u00e4v\u00e4st\u00e4. Hakkaraisen kokemuksen lis\u00e4ksi ehdokkuutta olisi vahvasti puoltanut siell\u00e4 solmitut viralliset\/ep\u00e4viralliset neuvottelusuhteet sek\u00e4 n\u00e4kemys siit\u00e4, miten EU:n t\u00e4rkeimm\u00e4t instanssit toimivat.<\/p>\n\n\n\n<p>Kirjoittamattoman s\u00e4\u00e4nn\u00f6n perusteella eduskunnassa\/EU-parlamentissa oleva henkil\u00f6 valitaan uudeelleen ehdokkaaksi, jos h\u00e4nell\u00e4 on siihen kiinnostusta. Lis\u00e4ksi Perussuomalaisen puolueen, joka viel\u00e4 nimitt\u00e4\u00e4 itse\u00e4\u00e4n \u201dkansanliikkeeksi\u201d, tulisi suoda todellinen valta ja mahdollisuus kansalle antaa valtamandaatti p\u00e4tev\u00e4lle ehdokkaalle, jonka poissulkemista ehdokasasettelusta ei voida rationaalisesti perustella.<\/p>\n\n\n\n<p>Puoluejohdon p\u00e4\u00e4t\u00f6s tarkoittaa k\u00e4yt\u00e4nn\u00f6ss\u00e4, ett\u00e4 europarlamentaarikko Teuvo Hakkarainen ei ole ollut is\u00e4nmaallemme hy\u00f6dyllinen EU-parlamentissa ja lis\u00e4ksi noin 30 000 \u00e4\u00e4nioikeutettua kansalaistamme on kaksi kertaa tehnyt \u201dv\u00e4\u00e4r\u00e4n\u201d \u00e4\u00e4nestysp\u00e4\u00e4toksen.<\/p>\n\n\n\n<p>Koko edell\u00e4 esitetty on suoraa jatkumoa jo viimeisimpi\u00e4 eduskuntavaaleja edelt\u00e4neelle kansan suosiota nauttineiden politikkojen blokkaamiselle ilman mit\u00e4\u00e4n perustetta. Sanon suoraan, ett\u00e4 allekirjoittaneelle Hakkaraisen blokkaaminen n\u00e4ytt\u00e4ytyy Mauri Peltokankaan, Sebastian Tynkkysen sek\u00e4 Arto Luukkasen pyrkimyksen\u00e4 lis\u00e4t\u00e4 Hakkaraisen laajalla \u00e4\u00e4nest\u00e4j\u00e4kunnalla omia mahdollisuuksiaan tulla valituksi.<\/p>\n\n\n\n<p>\u201dKansanliikkeemme\u201d johdolla on kyll\u00e4 p\u00e4\u00e4tt\u00e4v\u00e4isyytt\u00e4 torjua heid\u00e4n oman edun vastaisten henkil\u00f6iden p\u00e4\u00e4seminen ehdokkaaksi, mutta ei kyky\u00e4 lausua lyhytt\u00e4 sanaa \u201dKIITOS\u201d! Teuvo Hakkaraisen n\u00f6yryytt\u00e4v\u00e4 ev\u00e4\u00e4minen ehdokaslistalta oli puoluejohdon \u201dkiitos\u201d h\u00e4nen erinomaisesta ty\u00f6panoksestaan kahden kauden aikana EU-parlamentissa.<\/p>\n\n\n\n<p>Hakkaraisen tapaus muistuttaa paljolti sit\u00e4, miten puoluejohto toimi allekirjoittaneen suhteen. Fakta on se, ett\u00e4 olen vahvan sotilastaustan omaava arvostettu strategi ja taktikko. Omaan laajan tuntemuksen juridiikasta sek\u00e4 varsinkin omiin erikoisaloihini liittyvist\u00e4 kansainv\u00e4lisist\u00e4 sopimuksista. Minulla on takanani kokemus nelj\u00e4lt\u00e4 vuosikymmenelt\u00e4 koskien ammattiriistanhoitoa, mets\u00e4styst\u00e4 sek\u00e4 mets\u00e4taloutta. Edell\u00e4 esitetyn valossa on mielest\u00e4ni hyv\u00e4 kysymys; miksi puoluejohto esti eduskuntavaaliehdokkuuteni ensin Uudenmaan vaalipiiriss\u00e4 ja my\u00f6hemmin Helsingiss\u00e4? Oudoksuntaa lis\u00e4\u00e4 viel\u00e4 se, ett\u00e4 allekirjoittaneen l\u00e4pimeno varsinkin Uudellamaalla mutta my\u00f6s Helsingiss\u00e4 olisi ollut l\u00e4hes varma ja viel\u00e4 suurella \u00e4\u00e4nim\u00e4\u00e4r\u00e4ll\u00e4.<\/p>\n\n\n\n<p>Kiistaton ammattitaito ja kokemus yhdistettyn\u00e4 vahvaan p\u00e4\u00e4tt\u00e4v\u00e4isyyteen on johtajalle t\u00e4rke\u00e4 ominaisuus. Kyseinen ominaisuus on my\u00f6s valtaa ja valta koetaan omaa etuaan ajavien amat\u00f6\u00f6rien suhteen uhkana. T\u00e4ss\u00e4 yhteydess\u00e4 haluan my\u00f6s painottaa, ett\u00e4 valta ei ole itsetarkoitus. Se tulee kohdentaa oikein niille, jotka sit\u00e4 vilpitt\u00f6m\u00e4sti k\u00e4ytt\u00e4v\u00e4t kansan ja is\u00e4nmaan parhaaksi.<\/p>\n\n\n\n<p>Sebastian Tynkkynen kehui itse\u00e4\u00e4n sill\u00e4, ett\u00e4 p\u00e4\u00e4si eduskuntaan \u201dnollabudjetilla\u201d. Allekirjoittanut on k\u00e4ytt\u00e4nyt l\u00e4hivuodet l\u00e4hes kokonaan, \u201dmiinusbudjetilla\u201d ty\u00f6h\u00f6n is\u00e4nmaan ja puolueen hyv\u00e4ksi. T\u00e4h\u00e4n kuuluu muun muassa nelj\u00e4sataa sivuisen mets\u00e4stys,- riistanhoito- ja mets\u00e4poliittisen kirjan kirjoittaminen. En todellakaan ole ainoa t\u00e4ss\u00e4 maassa, joka oudoksuu, ett\u00e4 vuoden aikana oma puolueeni tai isossa kontekstissa historian \u201dmets\u00e4stysmy\u00f6nteisin\u201d hallituskoalitio ei ole tehnyt yhden yht\u00e4 lakialoitetta koskien kirjoittamaani Mets\u00e4styskirjaa. P\u00e4in vastoin edes vakavaa vahinkoa riistalle aiheuttavan variksen rauhoitusaikaa ei ole onnistuttu j\u00e4rkeist\u00e4m\u00e4\u00e4n.&nbsp;<\/p>\n\n\n\n<p>Hallitus on pett\u00e4nyt lupauksensa ja siit\u00e4 seurauksena koko mets\u00e4stys,- riistanhoito- ja mets\u00e4politiikka on ajautunut totaaliseen katastrofiin. Edell\u00e4 esiteyst\u00e4 pahimpana esimerkkin\u00e4 suurpetopolitiikka, jonka on annettu joutua selvitt\u00e4m\u00e4tt\u00f6m\u00e4\u00e4n umpisolmuun. On aivan turha esitt\u00e4\u00e4 v\u00e4itteit\u00e4 siit\u00e4, ett\u00e4 kyseisen politiikan katastrofaalinen tila johtuisi EU:sta. Maamme johtavat poliitikot eiv\u00e4t omaa mink\u00e4\u00e4nlaista selk\u00e4rankaa ja rohkeutta todeta, ett\u00e4 tuomiovalta on lains\u00e4\u00e4d\u00e4nt\u00f6vallalle alisteinen. Ne jotka eiv\u00e4t edell\u00e4 olevaa selke\u00e4\u00e4 lausetta ymm\u00e4rr\u00e4, lukekoot kirjani sek\u00e4 blogini.<\/p>\n\n\n\n<p>Takaan, ett\u00e4 jos kansa olisi saanut mahdollisuuden \u00e4\u00e4nest\u00e4\u00e4 allekirjoittanut eduskuntaan, moni asia olisi toisin. T\u00e4t\u00e4 mahdollisuutta ei kansalle annettu ja siit\u00e4 syyt\u00e4n suoraan oman puolueeni johtoa! Kateus ja suoranainen kielisyrjint\u00e4 koskien kaksikielisyytt\u00e4ni sek\u00e4 selk\u00e4rangattomien poliitikkojen kokema uhka p\u00e4\u00e4tt\u00e4v\u00e4isest\u00e4 asiantuntijasta ja johtajasta johtivat blokkaamiseeni eduskuntavaaleissa sek\u00e4 yhteisty\u00f6kyvytt\u00f6myyteen viimeisen vuoden aikana, josta varsinkin maa- ja mets\u00e4taloudenharjoittajat, mets\u00e4st\u00e4j\u00e4t\/riistanhoitajat sek\u00e4 maa- ja syrj\u00e4seutujen asukkaat nyt maksavat kovaa hintaa!<\/p>\n\n\n\n<p>Nykyisen puoluejohdon on turha luulla, ett\u00e4 Perussuomalainen puolue olisi yksi ja ainut. On muitakin puolueita sek\u00e4 poliittisia liikkeit\u00e4, jotka ottaisivat allekirjoittaneen, Hakkaraisen sek\u00e4 monen muun puoluejohdon blokkipolitiikan kohteeksi joutuneen ammattitaitoisen poliitikon mielell\u00e4\u00e4n riveihins\u00e4. Voi my\u00f6s synty\u00e4 uusi puolue nyt, kun perussuomalaisten nykyjohdon \u201dnaamiot\u201d ovat pudonneet. On muistettava, ett\u00e4 is\u00e4nmaata ja kansaa aidosti puolustavat ideologiat ovat kuin vesi, kohdatessaan esteen, se l\u00f6yt\u00e4\u00e4 aina uuden valumauran!<\/p>\n\n\n\n<p>Yksityishenkil\u00f6n\u00e4 olisin eronnut puolueesta jo ennen eduskuntavaaleja. Katsoin kuitenkin, ett\u00e4 pystyn parhaiten ajamaan is\u00e4nmaan etua Perussuomalaisesta puolueesta k\u00e4sin. Kyseinen asia joutuu nyt vakavan uudelleen harkinnan kohteeksi. Joko eroen puolueesta ja jatkan poliittista taisteluani muualla tai asetun kev\u00e4\u00e4n 2025 puoluekokouksessa puheenjohtajavaaliehdokkaaksi. T\u00e4m\u00e4n n\u00e4ytt\u00e4\u00e4 tulevaisuus. Joka tapauksessa itse en tule antamaan \u00e4\u00e4nt\u00e4ni yhdellekk\u00e4\u00e4n oman puolueeni EU-parlamenttivaaliehdokkaalle, sill\u00e4 en vallitsevan vaalimatematiikan perusteella halua edist\u00e4\u00e4 poliittisten pyrkyreiden p\u00e4\u00e4sy\u00e4 t\u00e4rkeisiin virkoihin!<\/p>\n","protected":false},"excerpt":{"rendered":"<p>Hyv\u00e4t lukijat! Ei olisi eilen 26.02. kannattanut lukea p\u00e4iv\u00e4n uutisia. Y\u00f6uneni pilaantuivat pitk\u00e4lti sen johdosta, ett\u00e4 tulin tietoiseksi puoluejohdon toimista koskien europarlamentaarikko Teuvo Hakkaraista. Puolueemme t\u00e4m\u00e4nhetkinen EU-parlamenttivaalilista on t\u00e4ysin ep\u00e4onnistunut. Siell\u00e4 olevat henkil\u00f6t eiv\u00e4t ole sopivia EU-parlamenttiin, koska eiv\u00e4t ole aikaan saaneet mit\u00e4\u00e4n kuluvan hallituskauden aikana. Lis\u00e4ksi monien listan henkil\u00f6iden todellinen motiivi on puolueen itse [&hellip;]<\/p>\n","protected":false},"author":2,"featured_media":0,"comment_status":"closed","ping_status":"","sticky":false,"template":"","format":"standard","meta":{"footnotes":""},"categories":[12],"tags":[],"class_list":["post-152","post","type-post","status-publish","format-standard","hentry","category-yleispolitiikka"],"rttpg_featured_image_url":null,"rttpg_author":{"display_name":"anssi","author_link":"https:\/\/arnowesterholm.fi\/index.php\/author\/anssi\/"},"rttpg_comment":0,"rttpg_category":"<a href=\"https:\/\/arnowesterholm.fi\/index.php\/category\/yleispolitiikka\/\" rel=\"category tag\">Yleispolitiikka<\/a>","rttpg_excerpt":"Hyv\u00e4t lukijat! Ei olisi eilen 26.02. kannattanut lukea p\u00e4iv\u00e4n uutisia. Y\u00f6uneni pilaantuivat pitk\u00e4lti sen johdosta, ett\u00e4 tulin tietoiseksi puoluejohdon toimista koskien europarlamentaarikko Teuvo Hakkaraista. Puolueemme t\u00e4m\u00e4nhetkinen EU-parlamenttivaalilista on t\u00e4ysin ep\u00e4onnistunut. Siell\u00e4 olevat henkil\u00f6t eiv\u00e4t ole sopivia EU-parlamenttiin, koska eiv\u00e4t ole aikaan saaneet mit\u00e4\u00e4n kuluvan hallituskauden aikana. Lis\u00e4ksi monien listan henkil\u00f6iden todellinen motiivi on puolueen itse&hellip;","_links":{"self":[{"href":"https:\/\/arnowesterholm.fi\/index.php\/wp-json\/wp\/v2\/posts\/152","targetHints":{"allow":["GET"]}}],"collection":[{"href":"https:\/\/arnowesterholm.fi\/index.php\/wp-json\/wp\/v2\/posts"}],"about":[{"href":"https:\/\/arnowesterholm.fi\/index.php\/wp-json\/wp\/v2\/types\/post"}],"author":[{"embeddable":true,"href":"https:\/\/arnowesterholm.fi\/index.php\/wp-json\/wp\/v2\/users\/2"}],"replies":[{"embeddable":true,"href":"https:\/\/arnowesterholm.fi\/index.php\/wp-json\/wp\/v2\/comments?post=152"}],"version-history":[{"count":1,"href":"https:\/\/arnowesterholm.fi\/index.php\/wp-json\/wp\/v2\/posts\/152\/revisions"}],"predecessor-version":[{"id":153,"href":"https:\/\/arnowesterholm.fi\/index.php\/wp-json\/wp\/v2\/posts\/152\/revisions\/153"}],"wp:attachment":[{"href":"https:\/\/arnowesterholm.fi\/index.php\/wp-json\/wp\/v2\/media?parent=152"}],"wp:term":[{"taxonomy":"category","embeddable":true,"href":"https:\/\/arnowesterholm.fi\/index.php\/wp-json\/wp\/v2\/categories?post=152"},{"taxonomy":"post_tag","embeddable":true,"href":"https:\/\/arnowesterholm.fi\/index.php\/wp-json\/wp\/v2\/tags?post=152"}],"curies":[{"name":"wp","href":"https:\/\/api.w.org\/{rel}","templated":true}]}}